{"id":8075,"uuid":"c78f1178-e177-4977-8d08-e30393cd0f3b","name":"Lanterna Petzl Swift LT (2026)","slug":"lanterna-frontala-petzl-swift-lt-2026","urls_per_locale":{"cs":"https:\/\/www.68travel.cz\/produkt\/celovka-petzl-swift-lt-2026","de":"https:\/\/www.68travel.de\/produkt\/petzl-swift-lt-stirnlampe-2026","en":"https:\/\/www.68travel.com\/product\/petzl-swift-lt-headlamp-2026","es":"https:\/\/www.68travel.es\/producto\/linterna-frontal-petzl-swift-lt-2026","fr":"https:\/\/www.68travel.fr\/produit\/lampe-frontale-petzl-swift-lt-2026","it":"https:\/\/www.68travel.it\/prodotto\/lampada-frontale-petzl-swift-lt-2026","sk":"https:\/\/www.68travel.sk\/produkt\/celovka-petzl-swift-lt-2026","pl":"https:\/\/www.68travel.pl\/produkt\/latarka-czolowa-petzl-swift-lt-2026","pt":"https:\/\/www.68travel.pt\/produto\/lanterna-de-cabeca-petzl-swift-lt-2026","ro":"https:\/\/www.68travel.ro\/produs\/lanterna-frontala-petzl-swift-lt-2026","hu":"https:\/\/www.68travel.hu\/termek\/petzl-swift-lt-fejlampa-2026","nl":"https:\/\/www.68travel.nl\/product\/petzl-swift-lt-hoofdlamp-2026","et":"https:\/\/www.68travel.ee\/toode\/petzl-swift-lt-pealamp-2026","da":"https:\/\/www.68travel.dk\/produkt\/petzl-swift-lt-pandelampe-2026","fi":"https:\/\/www.68travel.fi\/tuote\/petzl-swift-lt-otsalamppu-2026","bg":"https:\/\/www.68travel.bg\/produkt\/celnik-petzl-swift-lt-2026","hr":"https:\/\/www.68travel.hr\/proizvod\/naglavna-svjetiljka-petzl-swift-lt-2026","sl":"https:\/\/www.68travel.si\/izdelek\/celna-svetilka-petzl-swift-lt-2026","sv":"https:\/\/www.68travel.se\/produkt\/petzl-swift-lt-pannlampa-2026","nb":"https:\/\/www.68travel.no\/produkt\/petzl-swift-lt-hodelykt-2026","ja":"https:\/\/www.68travel.jp\/product\/petzl-swift-lt-headlamp-2026","el":"https:\/\/www.68travel.gr\/proion\/fakos-kefalis-petzl-swift-lt-2026"},"perex":"Lantern\u0103 frontal\u0103 re\u00eenc\u0103rcabil\u0103 ultrau\u0219oar\u0103, de 380 lm \u0219i cu o greutate de 43 g. \u00cencape \u00een palm\u0103, se \u00eencarc\u0103 prin USB-C \u0219i are un fascicul larg, lumin\u0103 ro\u0219ie \u0219i o band\u0103 de cap reflectorizant\u0103.","description":"<p>Conceput\u0103 pentru situa\u021biile \u00een care fiecare gram conteaz\u0103<\/p>\n\n<ul>\n\t<li>\n\t<p>380 lm (ANSI\/PLATO FL 1) \u0219i o raz\u0103 de iluminare de p\u00e2n\u0103 la 70 m \u00een modul Putere maxim\u0103<\/p>\n\t<\/li>\n\t<li>\n\t<p>Fascicul larg \u0219i uniform pentru iluminarea zonei din jurul picioarelor \u0219i a spa\u021biului apropiat<\/p>\n\t<\/li>\n\t<li>\n\t<p>Trei niveluri de lumin\u0103 alb\u0103: Autonomie maxim\u0103, Standard \u0219i Putere maxim\u0103<\/p>\n\t<\/li>\n\t<li>\n\t<p>Firul reflectorizant de pe \u00eentregul contur al benzii de cap face utilizatorul vizibil \u00een condi\u021bii de lumin\u0103 slab\u0103<\/p>\n\t<\/li>\n\t<li>\n\t<p>Li-Ion 880 mAh (3,7 V \/ 3,27 Wh), \u00eenc\u0103rcare USB-C, indicator de \u00eenc\u0103rcare la pornire \u0219i oprire<\/p>\n\t<\/li>\n\t<li>\n\t<p>Protec\u021bie IPX4 (rezisten\u021b\u0103 la ploaie)<\/p>\n\t<\/li>\n<\/ul>\n\n<p>U\u0219oar\u0103, compact\u0103, confortabil\u0103<\/p>\n\n<ul>\n\t<li>\n\t<p>43 g, \u00eencape \u00een palm\u0103<\/p>\n\t<\/li>\n\t<li>\n\t<p>Banda ultrau\u0219oar\u0103 de cap este respirabil\u0103, stabil\u0103 \u00een timpul mi\u0219c\u0103rii, poate fi deta\u0219at\u0103, sp\u0103lat\u0103 \u0219i \u00eenlocuit\u0103<\/p>\n\t<\/li>\n\t<li>\n\t<p>Potrivit Petzl, banda de cap este fabricat\u0103 din materiale reciclate, iar lanterna frontal\u0103 con\u021bine 50 % materiale reciclate sau provenite din surse biologice<\/p>\n\t<\/li>\n<\/ul>\n\n<p>Utilizare simpl\u0103<\/p>\n\n<ul>\n\t<li>\n\t<p>Lumin\u0103 ro\u0219ie continu\u0103 pentru p\u0103strarea vederii nocturne \u0219i lumin\u0103 intermitent\u0103 pentru semnalizare<\/p>\n\t<\/li>\n\t<li>\n\t<p>LOCK \u00eempotriva pornirii accidentale \u00een rucsac<\/p>\n\t<\/li>\n\t<li>\n\t<p>C\u00e2nd este purtat\u0103 la g\u00e2t, poate fi \u00eenclinat\u0103 \u00eenainte; pe casc\u0103, \u00een jos<\/p>\n\t<\/li>\n\t<li>\n\t<p>Compatibil\u0103 cu adaptoarele HELMET ADAPT \u0219i BIKE ADAPT 2 (nu sunt incluse)<\/p>\n\t<\/li>\n<\/ul>\n\n<p>Not\u0103:&nbsp;Cablul USB-C nu este inclus. Protec\u021bia IPX4 \u00eenseamn\u0103 rezisten\u021b\u0103 la ploaie, nu la scufundare. Lanterna frontal\u0103 nu este certificat\u0103 pentru traficul rutier \u0219i nu \u00eenlocuie\u0219te iluminarea obligatorie a bicicletei.<\/p>\n\n<p>Parametri<\/p>\n\n<table>\n\t<tbody>\n\t\t<tr>\n\t\t\t<th colspan=\"1\" rowspan=\"1\">Parametru<\/th>\n\t\t\t<th colspan=\"1\" rowspan=\"1\">Valoare<\/th>\n\t\t<\/tr>\n\t\t<tr>\n\t\t\t<td colspan=\"1\" rowspan=\"1\">\n\t\t\t<p>Flux luminos<\/p>\n\t\t\t<\/td>\n\t\t\t<td colspan=\"1\" rowspan=\"1\">\n\t\t\t<p>380 lm (ANSI\/PLATO FL 1)<\/p>\n\t\t\t<\/td>\n\t\t<\/tr>\n\t\t<tr>\n\t\t\t<td colspan=\"1\" rowspan=\"1\">\n\t\t\t<p>Raz\u0103 de iluminare<\/p>\n\t\t\t<\/td>\n\t\t\t<td colspan=\"1\" rowspan=\"1\">\n\t\t\t<p>p\u00e2n\u0103 la 70 m (Putere maxim\u0103)<\/p>\n\t\t\t<\/td>\n\t\t<\/tr>\n\t\t<tr>\n\t\t\t<td colspan=\"1\" rowspan=\"1\">\n\t\t\t<p>Greutate<\/p>\n\t\t\t<\/td>\n\t\t\t<td colspan=\"1\" rowspan=\"1\">\n\t\t\t<p>43 g<\/p>\n\t\t\t<\/td>\n\t\t<\/tr>\n\t\t<tr>\n\t\t\t<td colspan=\"1\" rowspan=\"1\">\n\t\t\t<p>Fascicul luminos<\/p>\n\t\t\t<\/td>\n\t\t\t<td colspan=\"1\" rowspan=\"1\">\n\t\t\t<p>larg<\/p>\n\t\t\t<\/td>\n\t\t<\/tr>\n\t\t<tr>\n\t\t\t<td colspan=\"1\" rowspan=\"1\">\n\t\t\t<p>Alimentare<\/p>\n\t\t\t<\/td>\n\t\t\t<td colspan=\"1\" rowspan=\"1\">\n\t\t\t<p>Li-Ion 880 mAh (3,7 V \/ 3,27 Wh)<\/p>\n\t\t\t<\/td>\n\t\t<\/tr>\n\t\t<tr>\n\t\t\t<td colspan=\"1\" rowspan=\"1\">\n\t\t\t<p>\u00cenc\u0103rcare<\/p>\n\t\t\t<\/td>\n\t\t\t<td colspan=\"1\" rowspan=\"1\">\n\t\t\t<p>USB-C, aprox. 3 h (cablul nu este inclus)<\/p>\n\t\t\t<\/td>\n\t\t<\/tr>\n\t\t<tr>\n\t\t\t<td colspan=\"1\" rowspan=\"1\">\n\t\t\t<p>Protec\u021bie<\/p>\n\t\t\t<\/td>\n\t\t\t<td colspan=\"1\" rowspan=\"1\">\n\t\t\t<p>IPX4<\/p>\n\t\t\t<\/td>\n\t\t<\/tr>\n\t\t<tr>\n\t\t\t<td colspan=\"1\" rowspan=\"1\">\n\t\t\t<p>Culori<\/p>\n\t\t\t<\/td>\n\t\t\t<td colspan=\"1\" rowspan=\"1\">\n\t\t\t<p>alb, negru, verde (Desert\/Green)<\/p>\n\t\t\t<\/td>\n\t\t<\/tr>\n\t\t<tr>\n\t\t\t<td colspan=\"1\" rowspan=\"1\">\n\t\t\t<p>Certificare<\/p>\n\t\t\t<\/td>\n\t\t\t<td colspan=\"1\" rowspan=\"1\">\n\t\t\t<p>CE<\/p>\n\t\t\t<\/td>\n\t\t<\/tr>\n\t\t<tr>\n\t\t\t<td colspan=\"1\" rowspan=\"1\">\n\t\t\t<p>Garan\u021bia produc\u0103torului<\/p>\n\t\t\t<\/td>\n\t\t\t<td colspan=\"1\" rowspan=\"1\">\n\t\t\t<p>3 ani sau 300 de cicluri de \u00eenc\u0103rcare<\/p>\n\t\t\t<\/td>\n\t\t<\/tr>\n\t\t<tr>\n\t\t\t<td colspan=\"1\" rowspan=\"1\">\n\t\t\t<p>Referin\u021be<\/p>\n\t\t\t<\/td>\n\t\t\t<td colspan=\"1\" rowspan=\"1\">\n\t\t\t<p>E102AB00 negru, E102AB01 alb, E102AB02 verde<\/p>\n\t\t\t<\/td>\n\t\t<\/tr>\n\t<\/tbody>\n<\/table>\n\n<p>Puterea de iluminare (ANSI\/PLATO FL 1)<\/p>\n\n<table>\n\t<tbody>\n\t\t<tr>\n\t\t\t<th colspan=\"1\" rowspan=\"1\">Culoare<\/th>\n\t\t\t<th colspan=\"1\" rowspan=\"1\">Mod<\/th>\n\t\t\t<th colspan=\"1\" rowspan=\"1\">Flux luminos<\/th>\n\t\t\t<th colspan=\"1\" rowspan=\"1\">Raz\u0103 de iluminare<\/th>\n\t\t\t<th colspan=\"1\" rowspan=\"1\">Durata de iluminare<\/th>\n\t\t\t<th colspan=\"1\" rowspan=\"1\">Rezerv\u0103<\/th>\n\t\t<\/tr>\n\t\t<tr>\n\t\t\t<td colspan=\"1\" rowspan=\"1\">\n\t\t\t<p>Alb<\/p>\n\t\t\t<\/td>\n\t\t\t<td colspan=\"1\" rowspan=\"1\">\n\t\t\t<p>Autonomie maxim\u0103<\/p>\n\t\t\t<\/td>\n\t\t\t<td colspan=\"1\" rowspan=\"1\">\n\t\t\t<p>7 lm<\/p>\n\t\t\t<\/td>\n\t\t\t<td colspan=\"1\" rowspan=\"1\">\n\t\t\t<p>6 m<\/p>\n\t\t\t<\/td>\n\t\t\t<td colspan=\"1\" rowspan=\"1\">\n\t\t\t<p>60 h<\/p>\n\t\t\t<\/td>\n\t\t\t<td colspan=\"1\" rowspan=\"1\">\n\t\t\t<p>\u2014<\/p>\n\t\t\t<\/td>\n\t\t<\/tr>\n\t\t<tr>\n\t\t\t<td colspan=\"1\" rowspan=\"1\">\n\t\t\t<p>Alb<\/p>\n\t\t\t<\/td>\n\t\t\t<td colspan=\"1\" rowspan=\"1\">\n\t\t\t<p>Standard<\/p>\n\t\t\t<\/td>\n\t\t\t<td colspan=\"1\" rowspan=\"1\">\n\t\t\t<p>100 lm<\/p>\n\t\t\t<\/td>\n\t\t\t<td colspan=\"1\" rowspan=\"1\">\n\t\t\t<p>30 m<\/p>\n\t\t\t<\/td>\n\t\t\t<td colspan=\"1\" rowspan=\"1\">\n\t\t\t<p>6 h<\/p>\n\t\t\t<\/td>\n\t\t\t<td colspan=\"1\" rowspan=\"1\">\n\t\t\t<p>2 h<\/p>\n\t\t\t<\/td>\n\t\t<\/tr>\n\t\t<tr>\n\t\t\t<td colspan=\"1\" rowspan=\"1\">\n\t\t\t<p>Alb<\/p>\n\t\t\t<\/td>\n\t\t\t<td colspan=\"1\" rowspan=\"1\">\n\t\t\t<p>Putere maxim\u0103<\/p>\n\t\t\t<\/td>\n\t\t\t<td colspan=\"1\" rowspan=\"1\">\n\t\t\t<p>380 lm<\/p>\n\t\t\t<\/td>\n\t\t\t<td colspan=\"1\" rowspan=\"1\">\n\t\t\t<p>70 m<\/p>\n\t\t\t<\/td>\n\t\t\t<td colspan=\"1\" rowspan=\"1\">\n\t\t\t<p>2 h<\/p>\n\t\t\t<\/td>\n\t\t\t<td colspan=\"1\" rowspan=\"1\">\n\t\t\t<p>\u2014<\/p>\n\t\t\t<\/td>\n\t\t<\/tr>\n\t\t<tr>\n\t\t\t<td colspan=\"1\" rowspan=\"1\">\n\t\t\t<p>Ro\u0219u<\/p>\n\t\t\t<\/td>\n\t\t\t<td colspan=\"1\" rowspan=\"1\">\n\t\t\t<p>continuu<\/p>\n\t\t\t<\/td>\n\t\t\t<td colspan=\"1\" rowspan=\"1\">\n\t\t\t<p>2 lm<\/p>\n\t\t\t<\/td>\n\t\t\t<td colspan=\"1\" rowspan=\"1\">\n\t\t\t<p>5 m<\/p>\n\t\t\t<\/td>\n\t\t\t<td colspan=\"1\" rowspan=\"1\">\n\t\t\t<p>25 h<\/p>\n\t\t\t<\/td>\n\t\t\t<td colspan=\"1\" rowspan=\"1\">\n\t\t\t<p>\u2014<\/p>\n\t\t\t<\/td>\n\t\t<\/tr>\n\t\t<tr>\n\t\t\t<td colspan=\"1\" rowspan=\"1\">\n\t\t\t<p>Ro\u0219u<\/p>\n\t\t\t<\/td>\n\t\t\t<td colspan=\"1\" rowspan=\"1\">\n\t\t\t<p>intermitent<\/p>\n\t\t\t<\/td>\n\t\t\t<td colspan=\"1\" rowspan=\"1\">\n\t\t\t<p>vizibil\u0103 de la 700 m<\/p>\n\t\t\t<\/td>\n\t\t\t<td colspan=\"1\" rowspan=\"1\">\n\t\t\t<p>\u2014<\/p>\n\t\t\t<\/td>\n\t\t\t<td colspan=\"1\" rowspan=\"1\">\n\t\t\t<p>200 h<\/p>\n\t\t\t<\/td>\n\t\t\t<td colspan=\"1\" rowspan=\"1\">\n\t\t\t<p>\u2014<\/p>\n\t\t\t<\/td>\n\t\t<\/tr>\n\t<\/tbody>\n<\/table>","seo_title":"Petzl SWIFT LT 380 lm - lantern\u0103 frontal\u0103 re\u00eenc\u0103rcabil\u0103 ultrau\u0219oar\u0103","seo_description":"Lantern\u0103 frontal\u0103 re\u00eenc\u0103rcabil\u0103 ultrau\u0219oar\u0103 Petzl SWIFT LT, 380 lm, 43 g, USB-C \u0219i IPX4. Fascicul larg, lumin\u0103 ro\u0219ie \u0219i func\u021bie LOCK. Pentru alergare, drume\u021bii \u0219i ca rezerv\u0103 \u00een rucsac.","image_url":"https:\/\/storage-68travel.fra1.cdn.digitaloceanspaces.com\/images\/product-photos\/Petzl\/square-image%20-%202026-08-28T150709_166.jpg","detail_image_url":"https:\/\/storage-68travel.fra1.cdn.digitaloceanspaces.com\/images\/product-photos\/Petzl\/square-image%20-%202026-08-28T150709_166.jpg","category":{"uuid":"b7a27ddd-6c7e-412d-bc04-ededa93d3a5b","name":"Lantern\u0103 frontal\u0103","slug":"lantern-frontal"},"brand":{"uuid":"2a8e4bd6-d810-4ab2-b260-aee75e84edf1","name":"Petzl","slug":"petzl"},"currency":"RON","retail_price":660,"retail_price_discounted":660,"sku":null,"url":"https:\/\/www.68travel.ro\/produs\/lanterna-frontala-petzl-swift-lt-2026","variations":[{"uuid":"30d1a289-38ad-4e27-b64f-e29c72b06b83","sku":"11805","name":"Negru","retail_price":275,"currency":"RON"},{"uuid":"1a8b29ba-080e-4189-829c-79d6aa8f7d76","sku":"11806","name":"Alb","retail_price":275,"currency":"RON"},{"uuid":"72ed9cc9-3ff4-479f-a7c9-b93bde5db4b0","sku":"11807","name":"desert green","retail_price":275,"currency":"RON"}]}